{"id":1464,"date":"2022-06-27T09:53:29","date_gmt":"2022-06-27T07:53:29","guid":{"rendered":"https:\/\/latortuetricoteuse.fr\/?p=1464"},"modified":"2022-06-27T10:12:32","modified_gmt":"2022-06-27T08:12:32","slug":"developpement-durable","status":"publish","type":"post","link":"https:\/\/latortuetricoteuse.fr\/index.php\/2022\/06\/27\/developpement-durable\/","title":{"rendered":"D\u00e9veloppement durable"},"content":{"rendered":"\n<p>La tortue tricoteuse se veut \u00eatre dans une optique de d\u00e9veloppement durable. Tout le monde conna\u00eet cette notion \u00e0 savoir qu&rsquo;elle se d\u00e9finit comme un mode de d\u00e9veloppement qui r\u00e9pond aux besoins du pr\u00e9sent sans compromettre la capacit\u00e9 des g\u00e9n\u00e9rations futures de r\u00e9pondre aux leurs.<\/p>\n\n\n\n<p>Pour autant, sommes nous dans une d\u00e9marche de DD dans notre quotidien ? Cette question somme toute banal en apparence, est plus complexe qu&rsquo;elle n&rsquo;y parait. Alors il est n\u00e9cessaire d&rsquo;analyser sa pratique au regard des 3 dimensions.<\/p>\n\n\n\n<h2 class=\"wp-block-heading\">La dimension environnementale<\/h2>\n\n\n\n<p>La dimension environnementale a pour objectif de montrer que le d\u00e9veloppement ne doit pas nuire aux \u00e9cosyst\u00e8mes et \u00e0 la capacit\u00e9 de renouvellement des ressources naturelles. Cette dimension permet de se rendre compte de la n\u00e9cessit\u00e9 de diminuer ou arr\u00eater l&rsquo;utilisation du p\u00e9trole. Il est urgent de diminuer la quantit\u00e9 de produit issu de la p\u00e9trochimie pour la cr\u00e9ation de fil \u00e0 tricoter. Nous devons utiliser les ressources naturelles de mani\u00e8re pr\u00e9dominante par la valorisation de la laine naturelle : pr\u00e9f\u00e9rence de la laine fran\u00e7aise et produite localement.<\/p>\n\n\n\n<h2 class=\"wp-block-heading\">La dimension sociale<\/h2>\n\n\n\n<p>La dimension sociale rev\u00eat un caract\u00e8re d&rsquo;accessibilit\u00e9 des ressources par tous afin de d\u00e9velopper une soci\u00e9t\u00e9 plus harmonieuse. En effet, l&rsquo;acc\u00e8s \u00e0 la laine naturelle par tous doit \u00eatre une priorit\u00e9. C&rsquo;est non seulement une question d&rsquo;\u00e9galit\u00e9 \u00e9conomique et de coh\u00e9sion sociale. Les ateliers tricots permettent de cr\u00e9er des \u00e9changes et des synergies autour des acteurs de la fili\u00e8re laine. La laine est un vecteur de socialisation.<\/p>\n\n\n\n<p>La dimension \u00e9conomique repose sur deux piliers dans sa capacit\u00e9 \u00e0 g\u00e9n\u00e9rer une activit\u00e9 \u00e9conomique dignement r\u00e9mun\u00e9r\u00e9e. Il est indispensable que tous les acteurs \u00e9conomiques (de la production \u00e0 la commercialisation) de la fili\u00e8re puisse vivre de son travail. Cela suppose des prix acceptables.<\/p>\n\n\n\n<p>En conclusion, le consommateur doit lui aussi pouvoir acc\u00e8s \u00e0 des laines de qualit\u00e9 \u00e0 un prix convenable et les acteurs doivent pouvoir en vivre.<\/p>\n","protected":false},"excerpt":{"rendered":"<p>La tortue tricoteuse se veut \u00eatre dans une optique de d\u00e9veloppement durable. Tout le monde conna\u00eet cette notion \u00e0 savoir qu&rsquo;elle se d\u00e9finit comme un mode de d\u00e9veloppement qui r\u00e9pond aux besoins du pr\u00e9sent sans compromettre la capacit\u00e9 des g\u00e9n\u00e9rations futures de r\u00e9pondre aux leurs. Pour autant, sommes nous dans une d\u00e9marche de DD dans notre quotidien ? Cette question somme toute banal en apparence, est plus complexe qu&rsquo;elle n&rsquo;y parait. Alors il est n\u00e9cessaire d&rsquo;analyser sa pratique au regard des 3 dimensions. La dimension environnementale La dimension environnementale a pour objectif de montrer que le d\u00e9veloppement ne doit pas nuire aux \u00e9cosyst\u00e8mes et \u00e0 la capacit\u00e9 de renouvellement des ressources naturelles. Cette dimension permet de se rendre compte de la n\u00e9cessit\u00e9 de diminuer ou arr\u00eater l&rsquo;utilisation du p\u00e9trole. Il est urgent de diminuer la quantit\u00e9 de produit issu de la p\u00e9trochimie pour la cr\u00e9ation de fil \u00e0 tricoter. Nous devons utiliser les ressources naturelles de mani\u00e8re pr\u00e9dominante par la valorisation de la laine naturelle : pr\u00e9f\u00e9rence de la laine fran\u00e7aise et produite localement. La dimension sociale La dimension sociale rev\u00eat un caract\u00e8re d&rsquo;accessibilit\u00e9 des ressources par tous afin de d\u00e9velopper une soci\u00e9t\u00e9 plus harmonieuse. En effet, l&rsquo;acc\u00e8s \u00e0 la laine naturelle par tous doit \u00eatre une priorit\u00e9. C&rsquo;est non seulement une question d&rsquo;\u00e9galit\u00e9 \u00e9conomique et de coh\u00e9sion sociale. Les ateliers tricots permettent de cr\u00e9er des \u00e9changes et des synergies autour des acteurs de la fili\u00e8re laine. La laine est un vecteur de socialisation. La dimension \u00e9conomique repose sur deux piliers dans sa capacit\u00e9 \u00e0 g\u00e9n\u00e9rer une activit\u00e9 \u00e9conomique dignement r\u00e9mun\u00e9r\u00e9e. Il est indispensable que tous les acteurs \u00e9conomiques (de la production \u00e0 la commercialisation) de la fili\u00e8re puisse vivre de son travail. Cela suppose des prix acceptables. En conclusion, le consommateur doit lui aussi pouvoir acc\u00e8s \u00e0 des laines de qualit\u00e9 \u00e0 un prix convenable et les acteurs doivent pouvoir en vivre.<\/p>\n","protected":false},"author":2,"featured_media":0,"comment_status":"open","ping_status":"open","sticky":true,"template":"","format":"standard","meta":{"_eb_attr":"","_monsterinsights_skip_tracking":false,"_monsterinsights_sitenote_active":false,"_monsterinsights_sitenote_note":"","_monsterinsights_sitenote_category":0,"footnotes":""},"categories":[57],"tags":[],"class_list":["post-1464","post","type-post","status-publish","format-standard","hentry","category-evenements"],"yoast_head":"<!-- This site is optimized with the Yoast SEO plugin v27.5 - https:\/\/yoast.com\/product\/yoast-seo-wordpress\/ -->\n<title>D\u00e9veloppement durable - la tortue tricoteuse<\/title>\n<meta name=\"description\" content=\"developpement durable. la tortue tricoteuse vous propose un article sur le developpement durable, n&#039;hesitez pas \u00e0 partager\" \/>\n<meta name=\"robots\" content=\"index, follow, max-snippet:-1, max-image-preview:large, max-video-preview:-1\" \/>\n<link rel=\"canonical\" href=\"https:\/\/latortuetricoteuse.fr\/index.php\/2022\/06\/27\/developpement-durable\/\" \/>\n<meta property=\"og:locale\" content=\"fr_FR\" \/>\n<meta property=\"og:type\" content=\"article\" \/>\n<meta property=\"og:title\" content=\"D\u00e9veloppement durable - la tortue tricoteuse\" \/>\n<meta property=\"og:description\" content=\"developpement durable. la tortue tricoteuse vous propose un article sur le developpement durable, n&#039;hesitez pas \u00e0 partager\" \/>\n<meta property=\"og:url\" content=\"https:\/\/latortuetricoteuse.fr\/index.php\/2022\/06\/27\/developpement-durable\/\" \/>\n<meta property=\"og:site_name\" content=\"la tortue tricoteuse\" \/>\n<meta property=\"article:published_time\" content=\"2022-06-27T07:53:29+00:00\" \/>\n<meta property=\"article:modified_time\" content=\"2022-06-27T08:12:32+00:00\" \/>\n<meta name=\"author\" content=\"latortuetricoteuse\" \/>\n<meta name=\"twitter:card\" content=\"summary_large_image\" \/>\n<meta name=\"twitter:label1\" content=\"\u00c9crit par\" \/>\n\t<meta name=\"twitter:data1\" content=\"latortuetricoteuse\" \/>\n\t<meta name=\"twitter:label2\" content=\"Dur\u00e9e de lecture estim\u00e9e\" \/>\n\t<meta name=\"twitter:data2\" content=\"2 minutes\" \/>\n<script type=\"application\/ld+json\" class=\"yoast-schema-graph\">{\"@context\":\"https:\\\/\\\/schema.org\",\"@graph\":[{\"@type\":\"Article\",\"@id\":\"https:\\\/\\\/latortuetricoteuse.fr\\\/index.php\\\/2022\\\/06\\\/27\\\/developpement-durable\\\/#article\",\"isPartOf\":{\"@id\":\"https:\\\/\\\/latortuetricoteuse.fr\\\/index.php\\\/2022\\\/06\\\/27\\\/developpement-durable\\\/\"},\"author\":{\"name\":\"latortuetricoteuse\",\"@id\":\"https:\\\/\\\/latortuetricoteuse.fr\\\/#\\\/schema\\\/person\\\/72bbf897af6f0524b0814be130716e53\"},\"headline\":\"D\u00e9veloppement durable\",\"datePublished\":\"2022-06-27T07:53:29+00:00\",\"dateModified\":\"2022-06-27T08:12:32+00:00\",\"mainEntityOfPage\":{\"@id\":\"https:\\\/\\\/latortuetricoteuse.fr\\\/index.php\\\/2022\\\/06\\\/27\\\/developpement-durable\\\/\"},\"wordCount\":352,\"commentCount\":2,\"publisher\":{\"@id\":\"https:\\\/\\\/latortuetricoteuse.fr\\\/#organization\"},\"articleSection\":[\"evenements\"],\"inLanguage\":\"fr-FR\",\"potentialAction\":[{\"@type\":\"CommentAction\",\"name\":\"Comment\",\"target\":[\"https:\\\/\\\/latortuetricoteuse.fr\\\/index.php\\\/2022\\\/06\\\/27\\\/developpement-durable\\\/#respond\"]}]},{\"@type\":\"WebPage\",\"@id\":\"https:\\\/\\\/latortuetricoteuse.fr\\\/index.php\\\/2022\\\/06\\\/27\\\/developpement-durable\\\/\",\"url\":\"https:\\\/\\\/latortuetricoteuse.fr\\\/index.php\\\/2022\\\/06\\\/27\\\/developpement-durable\\\/\",\"name\":\"D\u00e9veloppement durable - la tortue tricoteuse\",\"isPartOf\":{\"@id\":\"https:\\\/\\\/latortuetricoteuse.fr\\\/#website\"},\"datePublished\":\"2022-06-27T07:53:29+00:00\",\"dateModified\":\"2022-06-27T08:12:32+00:00\",\"description\":\"developpement durable. la tortue tricoteuse vous propose un article sur le developpement durable, n'hesitez pas \u00e0 partager\",\"breadcrumb\":{\"@id\":\"https:\\\/\\\/latortuetricoteuse.fr\\\/index.php\\\/2022\\\/06\\\/27\\\/developpement-durable\\\/#breadcrumb\"},\"inLanguage\":\"fr-FR\",\"potentialAction\":[{\"@type\":\"ReadAction\",\"target\":[\"https:\\\/\\\/latortuetricoteuse.fr\\\/index.php\\\/2022\\\/06\\\/27\\\/developpement-durable\\\/\"]}]},{\"@type\":\"BreadcrumbList\",\"@id\":\"https:\\\/\\\/latortuetricoteuse.fr\\\/index.php\\\/2022\\\/06\\\/27\\\/developpement-durable\\\/#breadcrumb\",\"itemListElement\":[{\"@type\":\"ListItem\",\"position\":1,\"name\":\"Accueil\",\"item\":\"https:\\\/\\\/latortuetricoteuse.fr\\\/\"},{\"@type\":\"ListItem\",\"position\":2,\"name\":\"D\u00e9veloppement durable\"}]},{\"@type\":\"WebSite\",\"@id\":\"https:\\\/\\\/latortuetricoteuse.fr\\\/#website\",\"url\":\"https:\\\/\\\/latortuetricoteuse.fr\\\/\",\"name\":\"la tortue tricoteuse\",\"description\":\"\",\"publisher\":{\"@id\":\"https:\\\/\\\/latortuetricoteuse.fr\\\/#organization\"},\"potentialAction\":[{\"@type\":\"SearchAction\",\"target\":{\"@type\":\"EntryPoint\",\"urlTemplate\":\"https:\\\/\\\/latortuetricoteuse.fr\\\/?s={search_term_string}\"},\"query-input\":{\"@type\":\"PropertyValueSpecification\",\"valueRequired\":true,\"valueName\":\"search_term_string\"}}],\"inLanguage\":\"fr-FR\"},{\"@type\":\"Organization\",\"@id\":\"https:\\\/\\\/latortuetricoteuse.fr\\\/#organization\",\"name\":\"la tortue tricoteuse\",\"url\":\"https:\\\/\\\/latortuetricoteuse.fr\\\/\",\"logo\":{\"@type\":\"ImageObject\",\"inLanguage\":\"fr-FR\",\"@id\":\"https:\\\/\\\/latortuetricoteuse.fr\\\/#\\\/schema\\\/logo\\\/image\\\/\",\"url\":\"https:\\\/\\\/latortuetricoteuse.fr\\\/wp-content\\\/uploads\\\/2022\\\/05\\\/cropped-cropped-cropped-Add-a-subheading-e1651687842197-2.png\",\"contentUrl\":\"https:\\\/\\\/latortuetricoteuse.fr\\\/wp-content\\\/uploads\\\/2022\\\/05\\\/cropped-cropped-cropped-Add-a-subheading-e1651687842197-2.png\",\"width\":1125,\"height\":500,\"caption\":\"la tortue tricoteuse\"},\"image\":{\"@id\":\"https:\\\/\\\/latortuetricoteuse.fr\\\/#\\\/schema\\\/logo\\\/image\\\/\"}},{\"@type\":\"Person\",\"@id\":\"https:\\\/\\\/latortuetricoteuse.fr\\\/#\\\/schema\\\/person\\\/72bbf897af6f0524b0814be130716e53\",\"name\":\"latortuetricoteuse\",\"image\":{\"@type\":\"ImageObject\",\"inLanguage\":\"fr-FR\",\"@id\":\"https:\\\/\\\/secure.gravatar.com\\\/avatar\\\/7eb77a49df211f5679b463b5ad3d5fabca971d755488596ee3aa8264af5603b5?s=96&d=mm&r=g\",\"url\":\"https:\\\/\\\/secure.gravatar.com\\\/avatar\\\/7eb77a49df211f5679b463b5ad3d5fabca971d755488596ee3aa8264af5603b5?s=96&d=mm&r=g\",\"contentUrl\":\"https:\\\/\\\/secure.gravatar.com\\\/avatar\\\/7eb77a49df211f5679b463b5ad3d5fabca971d755488596ee3aa8264af5603b5?s=96&d=mm&r=g\",\"caption\":\"latortuetricoteuse\"},\"sameAs\":[\"https:\\\/\\\/latortuetricoteuse.fr\"],\"url\":\"https:\\\/\\\/latortuetricoteuse.fr\"}]}<\/script>\n<!-- \/ Yoast SEO plugin. -->","yoast_head_json":{"title":"D\u00e9veloppement durable - la tortue tricoteuse","description":"developpement durable. la tortue tricoteuse vous propose un article sur le developpement durable, n'hesitez pas \u00e0 partager","robots":{"index":"index","follow":"follow","max-snippet":"max-snippet:-1","max-image-preview":"max-image-preview:large","max-video-preview":"max-video-preview:-1"},"canonical":"https:\/\/latortuetricoteuse.fr\/index.php\/2022\/06\/27\/developpement-durable\/","og_locale":"fr_FR","og_type":"article","og_title":"D\u00e9veloppement durable - la tortue tricoteuse","og_description":"developpement durable. la tortue tricoteuse vous propose un article sur le developpement durable, n'hesitez pas \u00e0 partager","og_url":"https:\/\/latortuetricoteuse.fr\/index.php\/2022\/06\/27\/developpement-durable\/","og_site_name":"la tortue tricoteuse","article_published_time":"2022-06-27T07:53:29+00:00","article_modified_time":"2022-06-27T08:12:32+00:00","author":"latortuetricoteuse","twitter_card":"summary_large_image","twitter_misc":{"\u00c9crit par":"latortuetricoteuse","Dur\u00e9e de lecture estim\u00e9e":"2 minutes"},"schema":{"@context":"https:\/\/schema.org","@graph":[{"@type":"Article","@id":"https:\/\/latortuetricoteuse.fr\/index.php\/2022\/06\/27\/developpement-durable\/#article","isPartOf":{"@id":"https:\/\/latortuetricoteuse.fr\/index.php\/2022\/06\/27\/developpement-durable\/"},"author":{"name":"latortuetricoteuse","@id":"https:\/\/latortuetricoteuse.fr\/#\/schema\/person\/72bbf897af6f0524b0814be130716e53"},"headline":"D\u00e9veloppement durable","datePublished":"2022-06-27T07:53:29+00:00","dateModified":"2022-06-27T08:12:32+00:00","mainEntityOfPage":{"@id":"https:\/\/latortuetricoteuse.fr\/index.php\/2022\/06\/27\/developpement-durable\/"},"wordCount":352,"commentCount":2,"publisher":{"@id":"https:\/\/latortuetricoteuse.fr\/#organization"},"articleSection":["evenements"],"inLanguage":"fr-FR","potentialAction":[{"@type":"CommentAction","name":"Comment","target":["https:\/\/latortuetricoteuse.fr\/index.php\/2022\/06\/27\/developpement-durable\/#respond"]}]},{"@type":"WebPage","@id":"https:\/\/latortuetricoteuse.fr\/index.php\/2022\/06\/27\/developpement-durable\/","url":"https:\/\/latortuetricoteuse.fr\/index.php\/2022\/06\/27\/developpement-durable\/","name":"D\u00e9veloppement durable - la tortue tricoteuse","isPartOf":{"@id":"https:\/\/latortuetricoteuse.fr\/#website"},"datePublished":"2022-06-27T07:53:29+00:00","dateModified":"2022-06-27T08:12:32+00:00","description":"developpement durable. la tortue tricoteuse vous propose un article sur le developpement durable, n'hesitez pas \u00e0 partager","breadcrumb":{"@id":"https:\/\/latortuetricoteuse.fr\/index.php\/2022\/06\/27\/developpement-durable\/#breadcrumb"},"inLanguage":"fr-FR","potentialAction":[{"@type":"ReadAction","target":["https:\/\/latortuetricoteuse.fr\/index.php\/2022\/06\/27\/developpement-durable\/"]}]},{"@type":"BreadcrumbList","@id":"https:\/\/latortuetricoteuse.fr\/index.php\/2022\/06\/27\/developpement-durable\/#breadcrumb","itemListElement":[{"@type":"ListItem","position":1,"name":"Accueil","item":"https:\/\/latortuetricoteuse.fr\/"},{"@type":"ListItem","position":2,"name":"D\u00e9veloppement durable"}]},{"@type":"WebSite","@id":"https:\/\/latortuetricoteuse.fr\/#website","url":"https:\/\/latortuetricoteuse.fr\/","name":"la tortue tricoteuse","description":"","publisher":{"@id":"https:\/\/latortuetricoteuse.fr\/#organization"},"potentialAction":[{"@type":"SearchAction","target":{"@type":"EntryPoint","urlTemplate":"https:\/\/latortuetricoteuse.fr\/?s={search_term_string}"},"query-input":{"@type":"PropertyValueSpecification","valueRequired":true,"valueName":"search_term_string"}}],"inLanguage":"fr-FR"},{"@type":"Organization","@id":"https:\/\/latortuetricoteuse.fr\/#organization","name":"la tortue tricoteuse","url":"https:\/\/latortuetricoteuse.fr\/","logo":{"@type":"ImageObject","inLanguage":"fr-FR","@id":"https:\/\/latortuetricoteuse.fr\/#\/schema\/logo\/image\/","url":"https:\/\/latortuetricoteuse.fr\/wp-content\/uploads\/2022\/05\/cropped-cropped-cropped-Add-a-subheading-e1651687842197-2.png","contentUrl":"https:\/\/latortuetricoteuse.fr\/wp-content\/uploads\/2022\/05\/cropped-cropped-cropped-Add-a-subheading-e1651687842197-2.png","width":1125,"height":500,"caption":"la tortue tricoteuse"},"image":{"@id":"https:\/\/latortuetricoteuse.fr\/#\/schema\/logo\/image\/"}},{"@type":"Person","@id":"https:\/\/latortuetricoteuse.fr\/#\/schema\/person\/72bbf897af6f0524b0814be130716e53","name":"latortuetricoteuse","image":{"@type":"ImageObject","inLanguage":"fr-FR","@id":"https:\/\/secure.gravatar.com\/avatar\/7eb77a49df211f5679b463b5ad3d5fabca971d755488596ee3aa8264af5603b5?s=96&d=mm&r=g","url":"https:\/\/secure.gravatar.com\/avatar\/7eb77a49df211f5679b463b5ad3d5fabca971d755488596ee3aa8264af5603b5?s=96&d=mm&r=g","contentUrl":"https:\/\/secure.gravatar.com\/avatar\/7eb77a49df211f5679b463b5ad3d5fabca971d755488596ee3aa8264af5603b5?s=96&d=mm&r=g","caption":"latortuetricoteuse"},"sameAs":["https:\/\/latortuetricoteuse.fr"],"url":"https:\/\/latortuetricoteuse.fr"}]}},"_links":{"self":[{"href":"https:\/\/latortuetricoteuse.fr\/index.php\/wp-json\/wp\/v2\/posts\/1464","targetHints":{"allow":["GET"]}}],"collection":[{"href":"https:\/\/latortuetricoteuse.fr\/index.php\/wp-json\/wp\/v2\/posts"}],"about":[{"href":"https:\/\/latortuetricoteuse.fr\/index.php\/wp-json\/wp\/v2\/types\/post"}],"author":[{"embeddable":true,"href":"https:\/\/latortuetricoteuse.fr\/index.php\/wp-json\/wp\/v2\/users\/2"}],"replies":[{"embeddable":true,"href":"https:\/\/latortuetricoteuse.fr\/index.php\/wp-json\/wp\/v2\/comments?post=1464"}],"version-history":[{"count":1,"href":"https:\/\/latortuetricoteuse.fr\/index.php\/wp-json\/wp\/v2\/posts\/1464\/revisions"}],"predecessor-version":[{"id":1466,"href":"https:\/\/latortuetricoteuse.fr\/index.php\/wp-json\/wp\/v2\/posts\/1464\/revisions\/1466"}],"wp:attachment":[{"href":"https:\/\/latortuetricoteuse.fr\/index.php\/wp-json\/wp\/v2\/media?parent=1464"}],"wp:term":[{"taxonomy":"category","embeddable":true,"href":"https:\/\/latortuetricoteuse.fr\/index.php\/wp-json\/wp\/v2\/categories?post=1464"},{"taxonomy":"post_tag","embeddable":true,"href":"https:\/\/latortuetricoteuse.fr\/index.php\/wp-json\/wp\/v2\/tags?post=1464"}],"curies":[{"name":"wp","href":"https:\/\/api.w.org\/{rel}","templated":true}]}}